{"id":1654,"date":"2020-10-18T13:08:59","date_gmt":"2020-10-18T13:08:59","guid":{"rendered":"http:\/\/tloenfahrer.wababbel.de\/?p=1654"},"modified":"2021-04-11T08:03:53","modified_gmt":"2021-04-11T08:03:53","slug":"1654","status":"publish","type":"post","link":"https:\/\/tloenfahrer.wababbel.de\/?p=1654","title":{"rendered":"Klappe halten"},"content":{"rendered":"\n<p>\u2026schon 2003 schrieb Klaus Theweleit in seinem Buch \u201eder knall\u201c \u00fcber den israelisch-pal\u00e4stinensischen Konflikt:<\/p>\n\n\n\n<blockquote class=\"wp-block-quote is-layout-flow wp-block-quote-is-layout-flow\"><p>\u201eZu diesem Konflikt selbst denke ich, dass Deutschen nach wie vor Zur\u00fcckhaltung ansteht besonders in der \u201aBeurteilung\u2018 oder gar <strong>Ver<\/strong>urteilung israelischer Handlungen gegen\u00fcber Pal\u00e4stina. Die politische und menschliche Verpflichtung zur Solidarit\u00e4t mit dem Staat Israel sehe ich keineswegs aufgel\u00f6st durch \u201akritisierbare\u2018 Handlungen mancher seiner Funktionstr\u00e4ger. Es gibt gen\u00fcgend kritische Menschen auf der Welt und in Israel selbst, die nicht nur hinsehn, sondern sich auch \u00e4u\u00dfern und zudem meist besser informiert sind. \u201a<strong>Wir<\/strong>\u2018 sind f\u00fcr diese Funktion nicht vonn\u00f6ten. Politische Wahrheiten sind im \u00fcbrigen nie \u201aabstrakt\u2018. Im Munde von Dummschn\u00e4beln werden sie zu Dummheiten; M\u00f6llem\u00e4nner k\u00f6nnen vielleicht etwas Zutreffendes \u00fcber Schalke 04 aussagen; \u00fcber Israel\/Pal\u00e4stina k\u00f6nnen sie es <strong>nicht.<\/strong>\u201c<\/p><\/blockquote>\n\n\n\n<p>Der M\u00f6llemann hat sich ja selbst erledigt, aber gen\u00fcgend andere sind an seine Stelle getreten und egal ob sie nun Gabriel, Steinmeier oder Maas hei\u00dfen, es st\u00fcnde ihnen wirklich besser an zu schweigen. Zumal sie regelm\u00e4\u00dfig denjenigen den Hof machen, die ihre Vernichtungsfantasien was die Juden betrifft, verbal hemmungslos ausleben.<\/p>\n\n\n\n<p>Die von Theweleit angesprochene Kritik aus Israel selbst gibt es zu gen\u00fcge. Man braucht nur zu sehen, welche Artikel in der israelischen Zeitung Haaretz erscheinen. Oder man nehme das Buch &#8220;Israel&#8221; von Eva Illouz zur Hand. Dagegen erscheinen die Verlautbarungen eines Todenh\u00f6fer, Tilo Jung oder wie sie alle hei\u00dfen, wie die Versuche eines des Lesens noch unkundigen Vorsch\u00fclers, eine Buchkritik zu verfassen.<\/p>\n\n\n\n<p>Derweil ist es sch\u00f6n zu sehen, wie vielen Linken, BDSlern und sonstigen \u201eIsraelkritikern\u201c die Argumente verloren gehen in dem Ma\u00dfe, in dem mehr und mehr Teile der arabischen Welt realisieren, dass nicht Israel das Problem im Nahen Osten darstellt, sondern islamistische Verbocktheit, die von Teheran \u00fcber die T\u00fcrkei bis nach Gaza reicht. Das Schweigen der EU und vor allem Deutschlands zu dieser Entwicklung spricht B\u00e4nde und zeigt deutlich, au\u00dfer Lippenbekenntnisse kann Israel aus dieser Richtung nichts erwarten.<\/p>\n\n\n\n<p>Noch sind die Abkommen neu, vieles ist noch Verlautbarung und die Entspannung sehr fragil, aber wenn nicht irgendein religi\u00f6ser Fanatismus dieses Aufflackern von Vernunft, vor allem auf der arabischen Seite, wieder wegsp\u00fclt, wird der Nahe Osten sich in den n\u00e4chsten Jahren grundlegend ver\u00e4ndern. Nach und nach werden die arabischen Staaten verstehen, dass auf der Gewinnerseite zu stehen hei\u00dft, mit Israel zu stehen. \u00dcbrig bleiben auf der anderen Seite dann nur noch die v\u00f6llig Verbohrten und t\u00e4glich im Glaubenshass badenden, wobei zu hoffen ist, dass hier eine in ihrem Denken immer s\u00e4kularer werdende Gesellschaft, wie zum Beispiel im Iran und auch der T\u00fcrkei, den Herrschenden irgendwann einen Strich durch ihre fundamentalistische Rechnung macht.<\/p>\n\n\n\n<p>Sollte dieser ganze Prozess so stattfinden, wird weder Deutschland, noch die EU eine Rolle dabei spielen. Deswegen sind ihrer gesamten Repr\u00e4sentantenschar die Worte Theweleits ans Herz zu legen, am besten einfach die Klappe zu halten.<\/p>\n","protected":false},"excerpt":{"rendered":"<p>\u2026schon 2003 schrieb Klaus Theweleit in seinem Buch \u201eder knall\u201c \u00fcber den israelisch-pal\u00e4stinensischen Konflikt: \u201eZu diesem Konflikt selbst denke ich, dass Deutschen nach wie vor Zur\u00fcckhaltung ansteht besonders in der \u201aBeurteilung\u2018 oder gar Verurteilung israelischer Handlungen gegen\u00fcber Pal\u00e4stina. Die politische und menschliche Verpflichtung zur Solidarit\u00e4t mit dem Staat Israel sehe ich keineswegs aufgel\u00f6st durch \u201akritisierbare\u2018&#8230;<\/p>\n","protected":false},"author":2,"featured_media":0,"comment_status":"open","ping_status":"open","sticky":false,"template":"","format":"standard","meta":{"footnotes":""},"categories":[1],"tags":[],"class_list":["post-1654","post","type-post","status-publish","format-standard","hentry","category-politik"],"_links":{"self":[{"href":"https:\/\/tloenfahrer.wababbel.de\/index.php?rest_route=\/wp\/v2\/posts\/1654","targetHints":{"allow":["GET"]}}],"collection":[{"href":"https:\/\/tloenfahrer.wababbel.de\/index.php?rest_route=\/wp\/v2\/posts"}],"about":[{"href":"https:\/\/tloenfahrer.wababbel.de\/index.php?rest_route=\/wp\/v2\/types\/post"}],"author":[{"embeddable":true,"href":"https:\/\/tloenfahrer.wababbel.de\/index.php?rest_route=\/wp\/v2\/users\/2"}],"replies":[{"embeddable":true,"href":"https:\/\/tloenfahrer.wababbel.de\/index.php?rest_route=%2Fwp%2Fv2%2Fcomments&post=1654"}],"version-history":[{"count":6,"href":"https:\/\/tloenfahrer.wababbel.de\/index.php?rest_route=\/wp\/v2\/posts\/1654\/revisions"}],"predecessor-version":[{"id":1663,"href":"https:\/\/tloenfahrer.wababbel.de\/index.php?rest_route=\/wp\/v2\/posts\/1654\/revisions\/1663"}],"wp:attachment":[{"href":"https:\/\/tloenfahrer.wababbel.de\/index.php?rest_route=%2Fwp%2Fv2%2Fmedia&parent=1654"}],"wp:term":[{"taxonomy":"category","embeddable":true,"href":"https:\/\/tloenfahrer.wababbel.de\/index.php?rest_route=%2Fwp%2Fv2%2Fcategories&post=1654"},{"taxonomy":"post_tag","embeddable":true,"href":"https:\/\/tloenfahrer.wababbel.de\/index.php?rest_route=%2Fwp%2Fv2%2Ftags&post=1654"}],"curies":[{"name":"wp","href":"https:\/\/api.w.org\/{rel}","templated":true}]}}