{"id":1692,"date":"2021-05-13T05:45:50","date_gmt":"2021-05-13T05:45:50","guid":{"rendered":"https:\/\/tloenfahrer.wababbel.de\/?p=1692"},"modified":"2021-05-13T20:15:13","modified_gmt":"2021-05-13T20:15:13","slug":"bibliothek-biografie","status":"publish","type":"post","link":"https:\/\/tloenfahrer.wababbel.de\/?p=1692","title":{"rendered":"Bibliothek &#038; Biografie"},"content":{"rendered":"\n<p>Ich bin Leser und ein leidenschaftlicher Erwerber von B\u00fcchern. Ab und zu schreibe ich \u00fcber das Gelesene. Zu dem, was man landl\u00e4ufig einen Buchblogger nennt, reicht es allerdings nicht, da ich die Angewohnheit habe, viele, ja sehr viele B\u00fccher gleichzeitig zu lesen, was die Lesezeit der einzelnen Werke in die L\u00e4nge zieht und eine kompakte, das Leseerlebnis in all seinen Facetten umfassende Beschreibung unm\u00f6glich macht, ist der Eindruck durch die Lekt\u00fcre vieler anderer B\u00fccher doch \u00fcberlagert und verwaschen.<\/p>\n\n\n\n<p>Nur ganz selten gelingt es mir, an einem Buch wirklich \u201edran zu bleiben\u201c. Dann entstehen auch Texte, die man als Rezension bezeichnen k\u00f6nnte. Nur \u2013 das ist nicht das Ziel meines Lesens. Mir geht es nicht darum, B\u00fccher zu konsumieren, um anschlie\u00dfend daraus eine Meinung \u00fcber deren Qualit\u00e4t zu destillieren, die dann als Leseempfehlung oder Nichtempfehlung serviert wird. Was ich suche, ist das Gespr\u00e4ch. Nicht zwischen mir und einem bestimmten Buch, sondern zwischen den B\u00fcchern selbst, w\u00e4hrend ich selbst nur die Rolle eines Beobachters einnehme. Nat\u00fcrlich formen sich Ansichten, Zu- und Abneigungen, Tendenzen, Vorlieben und hie und da auch \u00dcberzeugungsfelsen, die nur noch schwer von der Stelle zu r\u00fccken sind. Trotzdem bleibt alles in Bewegung, wie es das Denken auch sein sollte. Das Starre ist der Feind des Geistes. Ideologien sind Garagen f\u00fcr m\u00fcde Hirne, Raster und Schablonen Gehhilfen f\u00fcr beinlose Gem\u00fcter. Eine Bibliothek, deren B\u00fccher nicht fortw\u00e4hrend im Streit sich befinden, ist keine Bibliothek, sondern die Innenwand einer Blase.<\/p>\n\n\n\n<p>Kaum ein Buch ist zuf\u00e4llig in meiner Bibliothek. Die meisten habe ich aus Gr\u00fcnden angeschafft, die mit reinem Interesse nur unzul\u00e4nglich beschrieben w\u00e4ren. Sie zu erwerben gr\u00fcndete sich in der \u00dcberzeugung, genau diese Stimme fehle noch im Chor meiner B\u00fccher.<\/p>\n\n\n\n<p>Bibliothek ist zugegebenerma\u00dfen ein gro\u00dfes Wort. Ich denke dabei immer an weite und hohe R\u00e4ume, gef\u00fcllt mit sich bis an den Horizont erstreckenden B\u00fccherregalen. Spreche ich von meiner Bibliothek, meine ich damit die gut 1000 B\u00fccher, die ich in den letzten Jahren erworben habe (zuvor war ich ein leidenschaftlicher Bibliotheksbesucher) und die einen st\u00e4ndigen Unruheherd in meinem geistigen Leben bewirken. Die einen wollen endlich gelesen, die anderen endlich wiedergelesen werden. Nur ganz wenige sind verstummt und haben sich damit abgefunden, einfach nur noch da zu sein, als kleiner Teil einer umfassenden Geschichte, zu der sie nur wenig beigetragen haben.<\/p>\n\n\n\n<p>Was sich in meiner Sammlung tats\u00e4chlich verbirgt, ist meine eigene Biografie, die zu schreiben ich mir zwar immer wieder vornehme, aber meist schon scheitere, wenn ich entscheiden muss, auf welche Weise ich sie erz\u00e4hlen m\u00f6chte. Dann lieber die B\u00fccher reden lassen. Sie k\u00f6nnen viel anschaulicher das bebildern, was mir aus meinem Leben wirklich als zeigenswert erscheint. Nicht das Aufwachsen und Leben in der Sekte mit all seinen Manipulationen und Missbr\u00e4uchen, nicht das eigene Versagen, das darin besteht, so lange Mitl\u00e4ufer und Funktion\u00e4r gewesen zu sein; nicht die sozialen Beben, die der Ausstieg mit sich gebracht hat, sondern die fantastische Reise im Denken, die intellektuelle Abenteuerfahrt, die es bedeutete vom christlichen Fundamentalisten zu einem Menschen zu werden, der sich im Denken keine Fesseln mehr anlegen lassen und den Rest seines Lebens damit zubringen m\u00f6chte, zu lernen.<\/p>\n","protected":false},"excerpt":{"rendered":"<p>Ich bin Leser und ein leidenschaftlicher Erwerber von B\u00fcchern. Ab und zu schreibe ich \u00fcber das Gelesene. Zu dem, was man landl\u00e4ufig einen Buchblogger nennt, reicht es allerdings nicht, da ich die Angewohnheit habe, viele, ja sehr viele B\u00fccher gleichzeitig zu lesen, was die Lesezeit der einzelnen Werke in die L\u00e4nge zieht und eine kompakte,&#8230;<\/p>\n","protected":false},"author":2,"featured_media":0,"comment_status":"open","ping_status":"open","sticky":false,"template":"","format":"standard","meta":{"footnotes":""},"categories":[11],"tags":[],"class_list":["post-1692","post","type-post","status-publish","format-standard","hentry","category-bibliothek"],"_links":{"self":[{"href":"https:\/\/tloenfahrer.wababbel.de\/index.php?rest_route=\/wp\/v2\/posts\/1692","targetHints":{"allow":["GET"]}}],"collection":[{"href":"https:\/\/tloenfahrer.wababbel.de\/index.php?rest_route=\/wp\/v2\/posts"}],"about":[{"href":"https:\/\/tloenfahrer.wababbel.de\/index.php?rest_route=\/wp\/v2\/types\/post"}],"author":[{"embeddable":true,"href":"https:\/\/tloenfahrer.wababbel.de\/index.php?rest_route=\/wp\/v2\/users\/2"}],"replies":[{"embeddable":true,"href":"https:\/\/tloenfahrer.wababbel.de\/index.php?rest_route=%2Fwp%2Fv2%2Fcomments&post=1692"}],"version-history":[{"count":2,"href":"https:\/\/tloenfahrer.wababbel.de\/index.php?rest_route=\/wp\/v2\/posts\/1692\/revisions"}],"predecessor-version":[{"id":1696,"href":"https:\/\/tloenfahrer.wababbel.de\/index.php?rest_route=\/wp\/v2\/posts\/1692\/revisions\/1696"}],"wp:attachment":[{"href":"https:\/\/tloenfahrer.wababbel.de\/index.php?rest_route=%2Fwp%2Fv2%2Fmedia&parent=1692"}],"wp:term":[{"taxonomy":"category","embeddable":true,"href":"https:\/\/tloenfahrer.wababbel.de\/index.php?rest_route=%2Fwp%2Fv2%2Fcategories&post=1692"},{"taxonomy":"post_tag","embeddable":true,"href":"https:\/\/tloenfahrer.wababbel.de\/index.php?rest_route=%2Fwp%2Fv2%2Ftags&post=1692"}],"curies":[{"name":"wp","href":"https:\/\/api.w.org\/{rel}","templated":true}]}}