{"id":274,"date":"2014-09-16T18:52:59","date_gmt":"2014-09-16T16:52:59","guid":{"rendered":"http:\/\/www.wababbel.de\/tloenfahrer\/?p=274"},"modified":"2021-04-11T08:28:09","modified_gmt":"2021-04-11T08:28:09","slug":"die-ausnahme-von-der-regel","status":"publish","type":"post","link":"https:\/\/tloenfahrer.wababbel.de\/?p=274","title":{"rendered":"Die Ausnahme von der Regel"},"content":{"rendered":"<p>Pr\u00e4sident Obama sagte \u00fcber den &#8220;Islamischen Staat&#8221;:<\/p>\n<div class=\"copy-paste-block\">&#8220;Now let\u2019s make two things clear: ISIL is not Islamic. No religion condones the killing of innocents&#8230;&#8221;<\/div>\n<div class=\"copy-paste-block\"><\/div>\n<p><!--more--><\/p>\n<div class=\"copy-paste-block\">\n<div class=\"copy-paste-block\"><\/div>\n<div class=\"copy-paste-block\">Gleicherma\u00dfen k\u00f6nnte man sagen, der Ku-Klux-Klan, die Westborough-Baptist-Church, die Pius-Br\u00fcder oder sonstwelche christlich-fundamentalistischen Gruppierungen seien nicht wirklich christlich.<\/div>\n<\/div>\n<div class=\"copy-paste-block\"><\/div>\n<div class=\"copy-paste-block\"><\/div>\n<div class=\"copy-paste-block\">Von sogenannten moderaten oder gem\u00e4\u00dfigten Vertretern religi\u00f6ser Ideologien, wird Extremismus gerne als Ausnahme und als Verrat an der eigentlich friedensstiftenden Grundsubstanz ihrer Religion bezeichnet.<\/div>\n<div class=\"copy-paste-block\"><\/div>\n<div class=\"copy-paste-block\"><\/div>\n<div class=\"copy-paste-block\">Aber ist dem wirklich so? Ist Extremismus und Radikalit\u00e4t in religi\u00f6sen Denkgeb\u00e4uden tats\u00e4chlich die Ausnahme? Oder sind es eher diejenigen, deren aufgekl\u00e4rte Lebenssicht sie davon abh\u00e4lt, den Alleing\u00fcltigkeitsanspruch ihrer Religion lautstark oder sogar gewaltsam zu behaupten?<\/div>\n<div class=\"copy-paste-block\"><\/div>\n<div class=\"copy-paste-block\"><\/div>\n<div class=\"copy-paste-block\">Fragen, mit denen sich dieser Artikel besch\u00e4ftigt:<\/div>\n<p><a href=\"http:\/\/indub.io\/blog\/2014\/09\/13\/religion-radikalitae\">Religion ist Tilidin f\u00fcrs Volk<\/a><\/p>\n<div class=\"copy-paste-block\"><\/div>\n","protected":false},"excerpt":{"rendered":"<p>Pr\u00e4sident Obama sagte \u00fcber den &#8220;Islamischen Staat&#8221;: &#8220;Now let\u2019s make two things clear: ISIL is not Islamic. No religion condones the killing of innocents&#8230;&#8221;<\/p>\n","protected":false},"author":27,"featured_media":0,"comment_status":"open","ping_status":"open","sticky":false,"template":"","format":"standard","meta":{"footnotes":""},"categories":[12],"tags":[],"class_list":["post-274","post","type-post","status-publish","format-standard","hentry","category-archiv"],"_links":{"self":[{"href":"https:\/\/tloenfahrer.wababbel.de\/index.php?rest_route=\/wp\/v2\/posts\/274","targetHints":{"allow":["GET"]}}],"collection":[{"href":"https:\/\/tloenfahrer.wababbel.de\/index.php?rest_route=\/wp\/v2\/posts"}],"about":[{"href":"https:\/\/tloenfahrer.wababbel.de\/index.php?rest_route=\/wp\/v2\/types\/post"}],"author":[{"embeddable":true,"href":"https:\/\/tloenfahrer.wababbel.de\/index.php?rest_route=\/wp\/v2\/users\/27"}],"replies":[{"embeddable":true,"href":"https:\/\/tloenfahrer.wababbel.de\/index.php?rest_route=%2Fwp%2Fv2%2Fcomments&post=274"}],"version-history":[{"count":9,"href":"https:\/\/tloenfahrer.wababbel.de\/index.php?rest_route=\/wp\/v2\/posts\/274\/revisions"}],"predecessor-version":[{"id":288,"href":"https:\/\/tloenfahrer.wababbel.de\/index.php?rest_route=\/wp\/v2\/posts\/274\/revisions\/288"}],"wp:attachment":[{"href":"https:\/\/tloenfahrer.wababbel.de\/index.php?rest_route=%2Fwp%2Fv2%2Fmedia&parent=274"}],"wp:term":[{"taxonomy":"category","embeddable":true,"href":"https:\/\/tloenfahrer.wababbel.de\/index.php?rest_route=%2Fwp%2Fv2%2Fcategories&post=274"},{"taxonomy":"post_tag","embeddable":true,"href":"https:\/\/tloenfahrer.wababbel.de\/index.php?rest_route=%2Fwp%2Fv2%2Ftags&post=274"}],"curies":[{"name":"wp","href":"https:\/\/api.w.org\/{rel}","templated":true}]}}