{"id":705,"date":"2015-09-05T09:18:44","date_gmt":"2015-09-05T07:18:44","guid":{"rendered":"http:\/\/www.wababbel.de\/tloenfahrer\/?p=705"},"modified":"2021-04-11T08:27:31","modified_gmt":"2021-04-11T08:27:31","slug":"arsch-hoch","status":"publish","type":"post","link":"https:\/\/tloenfahrer.wababbel.de\/?p=705","title":{"rendered":"Arsch hoch!"},"content":{"rendered":"<p>Es mag paradox klingen, aber vielleicht ist Angela Merkel im Moment genau die Kanzlerin, die Deutschland braucht. Sie ist eine k\u00fchle Pragmatikerin und, siehe Atomausstieg nach Fukushima, bereit auf der gr\u00f6\u00dften Welle zu reiten, die gerade durchs Land rollt. Je mehr Menschen sich in Deutschland gegen Rechts stark machen und f\u00fcr eine menschenw\u00fcrdige Asylpolitik nicht nur mit Worten, sondern durch Taten eintreten, um so gr\u00f6\u00dfer die Wahrscheinlichkeit, dass Merkel ihre Politk danach ausrichten wird. H\u00e4tten wir als Kanzlerin oder Kanzler einen Ideologen wie z.B. Orban, w\u00e4re damit nicht zu rechnen.<\/p>\n<p>Im deutschen Parlament gibt es im Moment keine Opposition, die irgendeinen Einfluss auf die politische Gestaltung des Landes nehmen kann. Die einzige wirkliche Opposition sind die Menschen im Land, die durch ihr Engagement zeigen, was sie sich f\u00fcr eine Gesellschaft erhoffen. Wie stark diese Oppostion letztendlich ist, wird sich in den n\u00e4chsten Wochen und Monaten zeigen. Die Ausrede f\u00fcr politische Apathie &#8220;es \u00e4ndert sich ja doch nichts, egal was man tut&#8221; z\u00e4hlt nicht mehr.<\/p>\n<p>Note to myself: Wer in diesem Land etwas \u00e4ndern m\u00f6chte, muss JETZT den Arsch hoch bekommen.<\/p>\n","protected":false},"excerpt":{"rendered":"<p>Es mag paradox klingen, aber vielleicht ist Angela Merkel im Moment genau die Kanzlerin, die Deutschland braucht. Sie ist eine k\u00fchle Pragmatikerin und, siehe Atomausstieg nach Fukushima, bereit auf der gr\u00f6\u00dften Welle zu reiten, die gerade durchs Land rollt. Je mehr Menschen sich in Deutschland gegen Rechts stark machen und f\u00fcr eine menschenw\u00fcrdige Asylpolitik nicht&#8230;<\/p>\n","protected":false},"author":27,"featured_media":0,"comment_status":"open","ping_status":"open","sticky":false,"template":"","format":"standard","meta":{"footnotes":""},"categories":[12],"tags":[],"class_list":["post-705","post","type-post","status-publish","format-standard","hentry","category-archiv"],"_links":{"self":[{"href":"https:\/\/tloenfahrer.wababbel.de\/index.php?rest_route=\/wp\/v2\/posts\/705","targetHints":{"allow":["GET"]}}],"collection":[{"href":"https:\/\/tloenfahrer.wababbel.de\/index.php?rest_route=\/wp\/v2\/posts"}],"about":[{"href":"https:\/\/tloenfahrer.wababbel.de\/index.php?rest_route=\/wp\/v2\/types\/post"}],"author":[{"embeddable":true,"href":"https:\/\/tloenfahrer.wababbel.de\/index.php?rest_route=\/wp\/v2\/users\/27"}],"replies":[{"embeddable":true,"href":"https:\/\/tloenfahrer.wababbel.de\/index.php?rest_route=%2Fwp%2Fv2%2Fcomments&post=705"}],"version-history":[{"count":1,"href":"https:\/\/tloenfahrer.wababbel.de\/index.php?rest_route=\/wp\/v2\/posts\/705\/revisions"}],"predecessor-version":[{"id":706,"href":"https:\/\/tloenfahrer.wababbel.de\/index.php?rest_route=\/wp\/v2\/posts\/705\/revisions\/706"}],"wp:attachment":[{"href":"https:\/\/tloenfahrer.wababbel.de\/index.php?rest_route=%2Fwp%2Fv2%2Fmedia&parent=705"}],"wp:term":[{"taxonomy":"category","embeddable":true,"href":"https:\/\/tloenfahrer.wababbel.de\/index.php?rest_route=%2Fwp%2Fv2%2Fcategories&post=705"},{"taxonomy":"post_tag","embeddable":true,"href":"https:\/\/tloenfahrer.wababbel.de\/index.php?rest_route=%2Fwp%2Fv2%2Ftags&post=705"}],"curies":[{"name":"wp","href":"https:\/\/api.w.org\/{rel}","templated":true}]}}