{"id":751,"date":"2016-01-20T12:50:27","date_gmt":"2016-01-20T10:50:27","guid":{"rendered":"http:\/\/www.wababbel.de\/tloenfahrer\/?p=751"},"modified":"2021-04-11T08:27:31","modified_gmt":"2021-04-11T08:27:31","slug":"wen-waehlen","status":"publish","type":"post","link":"https:\/\/tloenfahrer.wababbel.de\/?p=751","title":{"rendered":"Wen w\u00e4hlen?"},"content":{"rendered":"<p><em>Am 13.03.2016 sind Landtagswahlen in Rheinland-Pfalz und ich muss mir als dessen B\u00fcrger Gedanken dar\u00fcber machen, wem ich an diesem Sonntag meine Stimme gebe. Oder ob ich darauf verzichte.<br \/>\n<\/em><!--more--><\/p>\n<p><em>Da ich im Moment noch keine Ahnung habe, wie meine Wahl ausfallen wird (au\u00dfer, dass ich jetzt schon wei\u00df, wer meine Stimme garantiert nicht bekommt), werde ich in den kommenden Wochen die entsprechen Internetauftritte der jeweiligen Parteien konsultieren und den sich daraus ergebenden Entscheidungsfindungsprozess protokollieren. Das alles in der Hoffnung, die schriftliche Niederlegung mag mir letztendlich helfen zu erkennen, wo mein Kreuz auf dem Stimmzettel am besten aufgehoben ist. Oder ob ich an diesem Sonntag einfach im Bett bleibe<\/em>.<\/p>\n<p>&nbsp;<\/p>\n<p><strong>20.01.2016 \u2013 Noch 52 Tage bis zur Wahl<\/strong><\/p>\n<p>&nbsp;<\/p>\n<p>Noch bevor ich mich damit besch\u00e4ftigen kann, wer \u00fcberhaupt alles in RLP antritt, gibt es den ersten \u201eSkandal\u201c. Die \u00d6ffentlich Rechtlichen, genauer gesagt der SWR, wollen das Schmuddelkind AFD nicht mit den anderen spielen lassen. Angeblich weil diese sonst \u00fcberhaupt nicht zum Spielen k\u00e4men. Tats\u00e4chlich ist auf der Webseite der rheinlandpf\u00e4lzischen <a href=\"http:\/\/www.spd-rlp.de\/2016\/01\/wir-bekaempfen-afd-argumentativ-im-wahlkampf\/\">SPD<\/a> (warum wohne ich eigentlich nicht mehr in Hessen, das tippt sich doch viel schneller?) unter der \u00dcberschrift <em>Wir bek\u00e4mpfen die AFD argumentativ im Wahlkampf<\/em> folgendes zu lesen:<\/p>\n<p>&nbsp;<\/p>\n<p style=\"text-align: justify\"><strong><em>Wir begr\u00fc\u00dfen ausdr\u00fccklich die Entscheidung des SWR, einen Vertreter der AfD nicht in die Wahl-Talkshow einzuladen. Der SWR hat jetzt eine L\u00f6sung gefunden, die den verschiedenen Standpunkten gerecht wird. Wir Sozialdemokraten wollen den menschenverachtenden Parolen der AfD keine Talkshow-B\u00fchne bieten. Das gebietet die deutsche Geschichte und insbesondere die historische Tradition der SPD im Kampf gegen Rechts<\/em>.<\/strong><\/p>\n<p>&nbsp;<\/p>\n<p>Das klingt beim schnellen Dr\u00fcberlesen durchaus vern\u00fcnftig. Den rechten Socken eine B\u00fchne bieten, und das als Sozialdemokratische Partei \u2013 no way!<\/p>\n<p>&nbsp;<\/p>\n<p>Der n\u00e4chste Satz des Statements ist aber viel interessanter:<\/p>\n<p style=\"text-align: justify\"><strong><em>Talkshows haben die AfD erst stark gemacht.<\/em><\/strong><\/p>\n<p>&nbsp;<\/p>\n<p>Sorry liebe SPD, in diesem Moment habt ihr mich in dieser Diskussion verloren. Zumal ihr noch diesen nachlegt:<\/p>\n<p style=\"text-align: justify\"><em><strong>Entlarvend ist, dass die CDU erw\u00e4gt, an der Talkshow nur teilzunehmen, wenn unter anderem Rechtspopulisten von der AfD dabei sind. Wir hingegen bek\u00e4mpfen die AfD sachlich und argumentativ im Wahlkampf: vor Ort im Wahlkreis, wo es um Fakten, Argumente und handfeste Politik geht, an Infost\u00e4nden oder beim Haust\u00fcrwahlkampf. Das ist der richtige Ort daf\u00fcr.<\/strong><\/em><\/p>\n<p>&nbsp;<\/p>\n<p>Nun liebe SPD, wenn ihr es mit dem Wahlkampf so ernst meint, warum dann \u00fcberhaupt an einer Talk-Show teilnehmen. Warum nicht die CDU, die Gr\u00fcnen und die Linken auch so bek\u00e4mpfen: argumentativ im Wahlkampf vor Ort, an Info-St\u00e4nden und beim Haust\u00fcrwahlkampf.<\/p>\n<p>Apropos Haust\u00fcrwahlkampf: Ich als ehemaliger Zeuge Jehovas k\u00f6nnte euch da vielleicht noch ein paar Tipps geben. Aber das nur nebenbei.<\/p>\n<p>&nbsp;<\/p>\n<p>Die CDU nimmt das Thema nat\u00fcrlich auch auf. Patrick Schnieder, Generalsekret\u00e4r der <a href=\"https:\/\/www.cdurlp.de\/artikel\/patrick-schnieder-zur-swr-entscheidung-verheerendes-signal\">rlp-CDU<\/a>:<\/p>\n<p>&nbsp;<\/p>\n<p style=\"text-align: justify\"><strong><em>&#8220;Das ist ein verheerendes Signal, wenn sich der SWR von einer Ministerpr\u00e4sidentin erpressen l\u00e4sst!&#8221;<\/em><\/strong><\/p>\n<p>&nbsp;<\/p>\n<p>Drunter geht\u2019s wohl nicht. Erpressung. Ich m\u00f6chte mal sehen, wer da wen \u201eerpressen\u201c k\u00f6nnte. Man stelle sich eine Talkrunde in der ARD vor, beste Sendezeit. Alle sind dabei. CDU, Gr\u00fcne, Linke, FDP, AFD. Alle sind dabei? Nein, die SPD fehlt, denn sie will der AFD keine Plattform bieten. Gut, wor\u00fcber wird gesprochen? Nat\u00fcrlich \u00fcber die SPD und ihre Weigerung, am demokratischen Diskurs teilzunehmen. Das Signal an den W\u00e4hler: Die SPD ist raus, die will mit dem gar nichts mehr zu tun haben.<\/p>\n<p>Lieber SWR, leider seid Ihr ziemliche Weicheier. Au\u00dferdem habt weder Ihr noch die SPD verstanden, dass das Fernsehen nur noch einen Teil der politischen Diskussionen beherbergt. Man k\u00f6nnte euch allen sofort den Saft abdrehen und trotzdem kennte der Gro\u00dfteil der Bev\u00f6lkerung einen H\u00f6cke und die AFD.<\/p>\n<p>&nbsp;<\/p>\n<p>Was sagen eigentlich die Gr\u00fcnen und die Linken dazu?<\/p>\n<p>Bei den <a href=\"http:\/\/gruene-rlp.de\/startseite\/\">Gr\u00fcnen<\/a> ist nichts zu finden und auch auf der Seite der rheinlandpf\u00e4lzischen <a href=\"http:\/\/www.dielinke-rhlp.de\/die_linke\/aktuell\/\">Linken<\/a> ist die AFD kein Thema.<\/p>\n<p>&nbsp;<\/p>\n<p>FDP? Auf die Liberalen ist Verlass. Die waren viel zu lange im Regierungsgesch\u00e4ft, um nicht zu wissen, welchen Gaul man reiten sollte.<\/p>\n<p>Nur, dass man bei der <a href=\"http:\/\/www.fdp-rlp.de\/content\/ein-schwarzer-tag-fuer-demokratie-und-pressefreiheit\">FDP<\/a> wohl ein bisschen genauer hingeschaut hat.<\/p>\n<p>&nbsp;<\/p>\n<p style=\"text-align: justify\"><em><strong>Die Freien Demokraten sehen in der Ank\u00fcndigung des S\u00fcdwestrundfunks, die politische Diskussionsrunde aufgrund der Intervention der Ministerpr\u00e4sidentin nur mit den im Landtag vertretenen Parteien durchzuf\u00fchren, einen R\u00fcckschritt f\u00fcr Demokratie und Meinungsfreiheit.<\/strong><\/em><\/p>\n<p>&nbsp;<\/p>\n<p>So ist n\u00e4mlich die Entscheidung des SWR begr\u00fcndet. Nur im Landtag vertretene Parteien sollen an der Diskussionsrunde teilnehmen. Das ist nat\u00fcrlich absurd und auch wettbewerbsverzerrend. Also ob der FC Bayern verlangen w\u00fcrde, nur noch Spiele der Mannschaften im Fernsehen zu \u00fcbertragen, die auch schon einmal die Champions-League gewonnen haben.<\/p>\n<p>&nbsp;<\/p>\n<p>O.K. FDP, Ihr habt wirklich ein Argument. Wer aber hat euch eigentlich beigebracht, jeden guten Eindruck am Ende immer mit einer populistischen Explosion aus dem W\u00e4hlerbewusstsein zu sprengen?<\/p>\n<p style=\"text-align: justify\"><em><strong>\u201eDie rot-gr\u00fcne Form des Diskussionsboykotts ist nicht weniger demokratiegef\u00e4hrdend, als die tumben Parolen der AfD&#8221;, sagte der FDP-Vorsitzende.<\/strong><\/em><\/p>\n<p>Die rotgr\u00fcne Form des Diskussionsboykottes ist zu allererst einmal hei\u00dfe Luft. Dummerweise hat der SWR Angst sich zu verbrennen. Das ist zwar Schei\u00dfe, aber nicht demokratiegef\u00e4hrdend. Der W\u00e4hler hat immer noch unz\u00e4hlige M\u00f6glichkeiten sich zu informieren. \u00dcberhaupt ist der Gedanke Talkshows w\u00fcrden die W\u00e4hlermeinung ma\u00dfgeblich beeinflussen, eine \u00dcbertragung US-Amerikanischen W\u00e4hlerverhaltens auf eine in politischer Hinsicht v\u00f6llig anders justierte Gesellschaft.<\/p>\n<p>Hier wird die verhinderte Teilnahme an einer solchen Show wesentlich st\u00e4rkere Wirkung haben (n\u00e4mlich positiv f\u00fcr den Ausgeschlossenen), als die M\u00f6glichkeit, ein paar Minuten seine Parolen ins Bild zu pl\u00e4rren.<\/p>\n<p>&nbsp;<\/p>\n<p>Was sagt denn die AFD dazu? Sie ist, wie zu erwarten, not amused. Uwe Junge, der Spitzenkandidat der <a href=\"http:\/\/www.alternative-rlp.de\/uwe-junge-spd-missbraucht-macht-und-verhoehnt-pressefreiheit-swr-verletzt-programmauftrag\">rlp-AFD<\/a>:<\/p>\n<p>&nbsp;<\/p>\n<p style=\"text-align: justify\"><em><strong>\u201eMalu Dreyer und ihre SPD haben den SWR gen\u00f6tigt, die AfD aus der sogenannten \u201aElefantenrunde\u2018 auszuladen! Damit bedient sich die SPD der Methoden autorit\u00e4rer Staaten und tritt die Pressefreiheit mit F\u00fc\u00dfen, um den demokratischen Wettstreit der Ideen zu unterlaufen. Niemals h\u00e4tte ich erwartet, dass eine derartig dreiste Einflussnahme in unserem Lande zum Erfolg f\u00fchren k\u00f6nnte! Das ist ein weiterer Beweis f\u00fcr die zu enge Verflechtung der etablierten Parteien mit den \u00f6ffentlich-rechtlichen Medien zum Schaden der Meinungsfreiheit und der gebotenen Informations-pflicht gegen\u00fcber den B\u00fcrgern.\u201c<\/strong><\/em><\/p>\n<p>&nbsp;<\/p>\n<p>Nein, ganz ohne verschw\u00f6rungstheoretischen Puderzucker werden AFD-Stellungnahmen nicht serviert.<\/p>\n<p>Wobei es nochmal festzuhalten gilt: Die Ausladung betrifft nicht nur die AFD, sondern auch alle anderen Parteien, die derzeit im rlp-Landtag nicht vertreten sind.<\/p>\n<p>&nbsp;<\/p>\n<p>Aber wer tritt denn nun an, im sch\u00f6nen Rheinland-Pfalz? Wer ist alles gierig auf meine Stimme?<\/p>\n<p>&nbsp;<\/p>\n<p>to be continued\u2026<\/p>\n","protected":false},"excerpt":{"rendered":"<p>Am 13.03.2016 sind Landtagswahlen in Rheinland-Pfalz und ich muss mir als dessen B\u00fcrger Gedanken dar\u00fcber machen, wem ich an diesem Sonntag meine Stimme gebe. Oder ob ich darauf verzichte.<\/p>\n","protected":false},"author":27,"featured_media":0,"comment_status":"open","ping_status":"open","sticky":false,"template":"","format":"standard","meta":{"footnotes":""},"categories":[12],"tags":[],"class_list":["post-751","post","type-post","status-publish","format-standard","hentry","category-archiv"],"_links":{"self":[{"href":"https:\/\/tloenfahrer.wababbel.de\/index.php?rest_route=\/wp\/v2\/posts\/751","targetHints":{"allow":["GET"]}}],"collection":[{"href":"https:\/\/tloenfahrer.wababbel.de\/index.php?rest_route=\/wp\/v2\/posts"}],"about":[{"href":"https:\/\/tloenfahrer.wababbel.de\/index.php?rest_route=\/wp\/v2\/types\/post"}],"author":[{"embeddable":true,"href":"https:\/\/tloenfahrer.wababbel.de\/index.php?rest_route=\/wp\/v2\/users\/27"}],"replies":[{"embeddable":true,"href":"https:\/\/tloenfahrer.wababbel.de\/index.php?rest_route=%2Fwp%2Fv2%2Fcomments&post=751"}],"version-history":[{"count":3,"href":"https:\/\/tloenfahrer.wababbel.de\/index.php?rest_route=\/wp\/v2\/posts\/751\/revisions"}],"predecessor-version":[{"id":754,"href":"https:\/\/tloenfahrer.wababbel.de\/index.php?rest_route=\/wp\/v2\/posts\/751\/revisions\/754"}],"wp:attachment":[{"href":"https:\/\/tloenfahrer.wababbel.de\/index.php?rest_route=%2Fwp%2Fv2%2Fmedia&parent=751"}],"wp:term":[{"taxonomy":"category","embeddable":true,"href":"https:\/\/tloenfahrer.wababbel.de\/index.php?rest_route=%2Fwp%2Fv2%2Fcategories&post=751"},{"taxonomy":"post_tag","embeddable":true,"href":"https:\/\/tloenfahrer.wababbel.de\/index.php?rest_route=%2Fwp%2Fv2%2Ftags&post=751"}],"curies":[{"name":"wp","href":"https:\/\/api.w.org\/{rel}","templated":true}]}}