{"id":757,"date":"2016-01-23T12:04:38","date_gmt":"2016-01-23T10:04:38","guid":{"rendered":"http:\/\/www.wababbel.de\/tloenfahrer\/?p=757"},"modified":"2021-04-11T08:27:31","modified_gmt":"2021-04-11T08:27:31","slug":"wen-waehlen-teil-2","status":"publish","type":"post","link":"https:\/\/tloenfahrer.wababbel.de\/?p=757","title":{"rendered":"Wen w\u00e4hlen ?  Teil 2"},"content":{"rendered":"<p><em>Am Sonntag den 13. M\u00e4rz 2016 sind Landtagswahlen in Rheinland-Pfalz und der Tl\u00f6nfahrer ist noch auf der Suche nach einer Heimat f\u00fcr seine Stimme. <\/em><\/p>\n<p><!--more--><\/p>\n<p>&nbsp;<\/p>\n<p><strong>23.01.2015\u00a0 &#8211; noch 50 Tage bis zur Wahl<\/strong><\/p>\n<p>&nbsp;<\/p>\n<p>Die Geschichte mit der Wahl-Show im SWR hat noch ein paar Kapitel dazubekommen. Julia Kl\u00f6ckner, Spitzenkandidatin der CDU hat ihre Teilnahme abgesagt. Die <a href=\"https:\/\/www.cdurlp.de\/artikel\/cdu-beteiligt-sich-nicht-swr-sendung\">Begr\u00fcndung<\/a>:<\/p>\n<p><em><strong>Mit unserer Teilnahme w\u00fcrden wir die skandal\u00f6se Einflussnahme der SPD und die so erzwungene, falsche Reaktion des SWR nur noch belohnen. In so einer Sendung ein Dreiparteienparlament abzubilden, k\u00e4me zwar den Gr\u00fcnen entgegen, widerspr\u00e4che aber den Realit\u00e4ten j\u00fcngster Umfragen, die der SWR vorab ja selbst zum Ma\u00dfstab der Auswahl erkl\u00e4rt habe. Aus unserer Sicht geh\u00f6rt die FDP ganz selbstverst\u00e4ndlich in eine solche Sendung und wir stehen hier an der Seite unseres Wunschkoalitionspartners! Genauso selbstverst\u00e4ndlich seien ja die Gr\u00fcnen 2011 in der Runde gelandet und zwar mit derselben Begr\u00fcndung, die jetzt pl\u00f6tzlich nicht mehr gelten soll.<\/strong><\/em><\/p>\n<p>&nbsp;<\/p>\n<p>Man h\u00e4lt sich aber, so Generalsekret\u00e4r Schnieder, die M\u00f6glichkeit offen, an einer Diskussion teilzunehmen, die ohne die Einflussnahme der Regierungsparteien zustande kommt.<\/p>\n<p>Auch beim SWR werden kritische Stimmen laut. Chefredakteur Frey \u00e4u\u00dferte gegen\u00fcber dem <a href=\"http:\/\/www.spiegel.de\/kultur\/tv\/swr-chefredakteur-nennt-spd-und-gruene-schoenwetterdemokraten-a-1073341.html\">Spiegel<\/a>, er halte es f\u00fcr fatal, wie die Parteien versuchten Einfluss auf die journalistische Arbeit zu nehmen. So entstehe der Eindruck, man lasse sich journalistische Sendungskonzepte von den Parteien diktieren.<\/p>\n<p>&nbsp;<\/p>\n<p>Ebenfalls im Spiegel etwas \u00fcber den AfD-Spitzenkandidaten <a href=\"http:\/\/www.spiegel.de\/politik\/deutschland\/afd-politiker-junge-der-mann-der-das-tv-duell-platzen-liess-a-1073478.html\">Uwe Junge<\/a>. \u00dcberrascht muss ich feststellen, dass der Mann quasi aus meiner Nachbarschaft kommt. Viel mehr Informationswert hatte der Artikel allerdings nicht, da er sich, was Junge betrifft, fast ausschlie\u00dflich auf Vermutungen und H\u00f6rensagen st\u00fctzt.<\/p>\n<p>&nbsp;<\/p>\n<p>Klar ist, das ganze Gerangel um die Fernsehdiskussion hat einigen Parteien sehr geschadet. Darunter ist aber nicht die AfD, und das, liebe SPD, ist vor allem deine Schuld. Das war undemokratisch und dumm. Was also die Frage angeht, wen ich am 13. M\u00e4rz w\u00e4hle, stehst du im Moment wahrlich nicht ganz oben auf der Liste.<\/p>\n<p>&nbsp;<\/p>\n<p style=\"text-align: center\"><strong>*<\/strong><\/p>\n<p>&nbsp;<\/p>\n<p>Aber nun zu dem, wor\u00fcber ich eigentlich schreiben wollte. Wer tritt bei der Wahl \u00fcberhaupt an?<\/p>\n<p>Wer wissen m\u00f6chte, welche Parteien sich am 13.03.2016 im sch\u00f6nen Rheinland-Pfalz zur Wahl stellen, sollte sich auf die Internetseite des <a href=\"http:\/\/www.wahlen.rlp.de\/ltw\/presse\/lwl16002.html\">Landeswahlleiters<\/a> begeben. Der muss es n\u00e4mlich am besten wissen.<\/p>\n<p>&nbsp;<\/p>\n<p>Vierzehn Parteien haben ihren Hut in den Ring geworfen und ich werde mir in den n\u00e4chsten Wochen einmal jeden aufsetzten, um zu sehen, ob er mir passt, bzw. gef\u00e4llt.<\/p>\n<p>Und das sind die Kandidaten:<\/p>\n<table>\n<tbody>\n<tr>\n<td>1<\/td>\n<td>Sozialdemokratische Partei Deutschlands (SPD)<\/td>\n<\/tr>\n<tr>\n<td>2<\/td>\n<td>Christlich Demokratische Union Deutschlands (CDU)<\/td>\n<\/tr>\n<tr>\n<td>3<\/td>\n<td>B\u00dcNDNIS 90\/DIE GR\u00dcNEN (GR\u00dcNE)<\/td>\n<\/tr>\n<tr>\n<td>4<\/td>\n<td>Freie Demokratische Partei (FDP)<\/td>\n<\/tr>\n<tr>\n<td>5<\/td>\n<td>DIE LINKE (DIE LINKE)<\/td>\n<\/tr>\n<tr>\n<td>6<\/td>\n<td>FREIE W\u00c4HLER Rheinland-Pfalz (FREIE W\u00c4HLER)<\/td>\n<\/tr>\n<tr>\n<td>7<\/td>\n<td>Piratenpartei Deutschland (PIRATEN)<\/td>\n<\/tr>\n<tr>\n<td>8<\/td>\n<td>Nationaldemokratische Partei Deutschlands (NPD)<\/td>\n<\/tr>\n<tr>\n<td>9<\/td>\n<td>DIE REPUBLIKANER (REP)<\/td>\n<\/tr>\n<tr>\n<td>10<\/td>\n<td>\u00d6kologisch-Demokratische Partei (\u00d6DP)<\/td>\n<\/tr>\n<tr>\n<td>11<\/td>\n<td>Allianz f\u00fcr Fortschritt und Aufbruch (ALFA)<\/td>\n<\/tr>\n<tr>\n<td>12<\/td>\n<td>Alternative f\u00fcr Deutschland (AfD)<\/td>\n<\/tr>\n<tr>\n<td>13<\/td>\n<td>DER DRITTE WEG (III. Weg)<\/td>\n<\/tr>\n<tr>\n<td>14<\/td>\n<td>DIE EINHEIT (DIE EINHEIT)<\/td>\n<\/tr>\n<\/tbody>\n<\/table>\n<p>&nbsp;<\/p>\n<p>Die Reihenfolge auf dieser Liste ergibt sich aus den Ergebnissen der letzten Landtagswahl. Neue Kandidaten werden in alphabetischer Reihenfolge gelistet. So kommt die ALFA in den Genuss, vor der AfD zu stehen. Wahrscheinlich der einzige Erfolg, den sie verbuchen k\u00f6nnen wird.<\/p>\n<p>Ich gespannt, was der DRITTE WEG und DIE EINHEIT so in ihrem Wahlprogramm stehen haben. Beides klingt ja ein so ein kleines bisschen esoterisch bzw. fast religi\u00f6s. Zumindest was die EINHEIT betrifft. Oder sind etwa auch so rechte Spacken? Man wird sehen.<\/p>\n<p>&nbsp;<\/p>\n<p>Zu Orientierungszwecken hier noch die Ergebnisse der letzten Landtagswahl:<\/p>\n<p>SPD\u00a0\u00a0\u00a0\u00a0\u00a0 CDU\u00a0\u00a0\u00a0\u00a0\u00a0 FDP\u00a0\u00a0\u00a0\u00a0\u00a0 Gr\u00fcne\u00a0\u00a0\u00a0 Linke\u00a0\u00a0\u00a0 Sonstige<\/p>\n<p><strong>35,7 %\u00a0\u00a0 35,2 %\u00a0\u00a0 4,2%\u00a0\u00a0\u00a0\u00a0 15,4 %\u00a0\u00a0 3,0%\u00a0\u00a0\u00a0\u00a0 6,4 % <\/strong><\/p>\n<p>&nbsp;<\/p>\n<p>Wer waren die Sonstigen?<\/p>\n<p>REP, NPD, \u00d6DP, B\u00fcSo, FREIE W\u00c4HLER, Piraten, PBC und Jansen, ein Einzelbewerber aus dem Landkreis Birkenfeld.<\/p>\n<p>Es gibt also offensichtlich einige Aussteiger (B\u00fcSo, PBC und Jansen) und einige Neueinsteiger (AfD, ALFA, III.Weg und DIE EINHEIT).<\/p>\n<p>&nbsp;<\/p>\n<p>Am Ende noch die aktuellste Prognose vom 14.01.2016:<\/p>\n<p>SPD\u00a0\u00a0\u00a0\u00a0\u00a0 CDU\u00a0\u00a0\u00a0\u00a0\u00a0 FDP\u00a0\u00a0\u00a0\u00a0\u00a0 Gr\u00fcne\u00a0\u00a0\u00a0 Linke\u00a0\u00a0\u00a0 AfD \u00a0\u00a0\u00a0Sonstige<\/p>\n<p><strong>31 % \u00a0\u00a0\u00a0\u00a0 37 % \u00a0\u00a0\u00a0\u00a0 5 %\u00a0\u00a0\u00a0\u00a0\u00a0 9 % \u00a0\u00a0\u00a0\u00a0 5 %\u00a0\u00a0\u00a0\u00a0 8 % \u00a0\u00a0\u00a0\u00a0\u00a05%<\/strong><\/p>\n<p>&nbsp;<\/p>\n<p>Das verspricht sehr spannend zu werden. Hilft mir aber bei der Frage, wen w\u00e4hlen nicht wirklich weiter.<\/p>\n<p>Also muss ich die Kandidaten einzeln unter die Lupe nehmen.<\/p>\n<p>&nbsp;<\/p>\n<h5>Fortsetzung folgt<\/h5>\n","protected":false},"excerpt":{"rendered":"<p>Am Sonntag den 13. M\u00e4rz 2016 sind Landtagswahlen in Rheinland-Pfalz und der Tl\u00f6nfahrer ist noch auf der Suche nach einer Heimat f\u00fcr seine Stimme.<\/p>\n","protected":false},"author":27,"featured_media":0,"comment_status":"open","ping_status":"open","sticky":false,"template":"","format":"standard","meta":{"footnotes":""},"categories":[12],"tags":[],"class_list":["post-757","post","type-post","status-publish","format-standard","hentry","category-archiv"],"_links":{"self":[{"href":"https:\/\/tloenfahrer.wababbel.de\/index.php?rest_route=\/wp\/v2\/posts\/757","targetHints":{"allow":["GET"]}}],"collection":[{"href":"https:\/\/tloenfahrer.wababbel.de\/index.php?rest_route=\/wp\/v2\/posts"}],"about":[{"href":"https:\/\/tloenfahrer.wababbel.de\/index.php?rest_route=\/wp\/v2\/types\/post"}],"author":[{"embeddable":true,"href":"https:\/\/tloenfahrer.wababbel.de\/index.php?rest_route=\/wp\/v2\/users\/27"}],"replies":[{"embeddable":true,"href":"https:\/\/tloenfahrer.wababbel.de\/index.php?rest_route=%2Fwp%2Fv2%2Fcomments&post=757"}],"version-history":[{"count":6,"href":"https:\/\/tloenfahrer.wababbel.de\/index.php?rest_route=\/wp\/v2\/posts\/757\/revisions"}],"predecessor-version":[{"id":763,"href":"https:\/\/tloenfahrer.wababbel.de\/index.php?rest_route=\/wp\/v2\/posts\/757\/revisions\/763"}],"wp:attachment":[{"href":"https:\/\/tloenfahrer.wababbel.de\/index.php?rest_route=%2Fwp%2Fv2%2Fmedia&parent=757"}],"wp:term":[{"taxonomy":"category","embeddable":true,"href":"https:\/\/tloenfahrer.wababbel.de\/index.php?rest_route=%2Fwp%2Fv2%2Fcategories&post=757"},{"taxonomy":"post_tag","embeddable":true,"href":"https:\/\/tloenfahrer.wababbel.de\/index.php?rest_route=%2Fwp%2Fv2%2Ftags&post=757"}],"curies":[{"name":"wp","href":"https:\/\/api.w.org\/{rel}","templated":true}]}}