{"id":910,"date":"2016-03-10T22:10:20","date_gmt":"2016-03-10T20:10:20","guid":{"rendered":"http:\/\/www.wababbel.de\/tloenfahrer\/?p=910"},"modified":"2021-04-11T08:27:15","modified_gmt":"2021-04-11T08:27:15","slug":"wen-waehlen-letzter-teil","status":"publish","type":"post","link":"https:\/\/tloenfahrer.wababbel.de\/?p=910","title":{"rendered":"Wen w\u00e4hlen?  Letzter Teil"},"content":{"rendered":"<p><em>Der Tl\u00f6nfahrer hat sich entschieden.<\/em><!--more--><\/p>\n<p><strong>10. M\u00e4rz 2016 &#8211; noch drei Tage bis zur Wahl<\/strong><\/p>\n<p>&nbsp;<\/p>\n<p>Hessen hat gezeigt, wie man es nicht macht. Auch wenn sich die anfangs kolportierten Erfolge der AfD etwas heruntergerechnet haben, ist offensichtlich: Der Nichtw\u00e4hler unterst\u00fctzt durch seine Passivit\u00e4t die Rechten.<\/p>\n<p>&nbsp;<\/p>\n<p>Und wer die AfD w\u00e4hlt, der unterst\u00fctzt\u2026die Linken. So jedenfalls hat es Julia Kl\u00f6ckner heute getwittert.<\/p>\n<p><a href=\"http:\/\/www.wababbel.de\/tloenfahrer\/wp-content\/uploads\/sites\/17\/2016\/03\/Kl\u00f6ckner-I.png\" rel=\"attachment wp-att-911\"><img loading=\"lazy\" decoding=\"async\" class=\"alignnone size-medium wp-image-911\" src=\"http:\/\/www.wababbel.de\/tloenfahrer\/wp-content\/uploads\/sites\/17\/2016\/03\/Kl\u00f6ckner-I-300x70.png\" alt=\"Kl\u00f6ckner I\" width=\"300\" height=\"70\" \/><\/a><\/p>\n<p>Zwar hat sie diese Aussage sp\u00e4ter noch relativiert&#8230;<\/p>\n<p><a href=\"http:\/\/www.wababbel.de\/tloenfahrer\/wp-content\/uploads\/sites\/17\/2016\/03\/Kl\u00f6ckner-II.png\" rel=\"attachment wp-att-912\"><img loading=\"lazy\" decoding=\"async\" class=\"alignnone size-medium wp-image-912\" src=\"http:\/\/www.wababbel.de\/tloenfahrer\/wp-content\/uploads\/sites\/17\/2016\/03\/Kl\u00f6ckner-II-300x93.png\" alt=\"Kl\u00f6ckner II\" width=\"300\" height=\"93\" \/><\/a><\/p>\n<p>&#8230;aber man kommt nicht umhin zu denken, da ist jemand ein wenig in Panik geraten. Offensichtlich bef\u00fcrchtet Frau Kl\u00f6ckner, es k\u00f6nnten doch wesentlich mehr CDU-W\u00e4hler zur AfD wechseln als aus dem rot-gr\u00fcnen Lager. Und wovor hat der CDU-W\u00e4hler, so scheint Frau Kl\u00f6ckner zu denken, noch mehr Angst, als vor den Rechten? Vor den Linken!<\/p>\n<p>H\u00e4tte Julia Kl\u00f6ckner geschrieben: Bevor ihr die AfD w\u00e4hlt, gebt lieber der SPD eure Stimme \u2013 ich w\u00e4re sehr versucht gewesen, ihr mein Kreuz zu leihen. Aber so\u2026<\/p>\n<p>&nbsp;<\/p>\n<p>Eine <a href=\"http:\/\/www.welt.de\/regionales\/rheinland-pfalz-saarland\/article153012686\/Wahlprogramme-wenig-verstaendlich.html\">Studie<\/a> der Stuttgarter Universit\u00e4t Hohenheim hat festgestellt, dass die Wahlprogramme schwer verst\u00e4ndlich sind. Dem kann ich zustimmen. Aber die meisten Parteien haben ja Kurzversionen auf ihre Seiten gestellt. Nur bei der CDU habe ich keine gefunden. Da muss man sich tats\u00e4chlich durch ganze 102 Seiten k\u00e4mpfen.<\/p>\n<p>&nbsp;<\/p>\n<p>Heute Abend ist die sogenannte Elefantenrunde, zu sehen im SWR ab 20:15. Allerdings ohne Malu Dreyer. Weil die AfD mit von der Partie ist. Sie schickt ihren Adjutanten. Soll der sich doch die Finger schmutzig machen.<\/p>\n<p>Einen Erkenntnisgewinn wird diese Veranstaltung schwerlich bringen. Vielleicht wird die AfD blo\u00dfgestellt. Das d\u00fcrfte ihre W\u00e4hler aber nicht abschrecken, ist das Ganze doch sowieso eine Aktion der System- und L\u00fcgenpresse.<\/p>\n<p>Wer sich noch nicht sicher ist, sollte lieber den Wahl-O-Mat bem\u00fchen, als seine Entscheidung von einem solch oberfl\u00e4chlichen Schlagabtausch abh\u00e4ngig zu machen.<\/p>\n<p>&nbsp;<\/p>\n<p>Apropos Wahl-O-Mat: Meine Nummer eins waren die Piraten, gefolgt von der FDP.<\/p>\n<p>&nbsp;<\/p>\n<p>Ich muss zugeben, es kommt einem fast ein wenig banal vor, sich so intensiv mit einer Landtagswahl auseinanderzusetzen. Der Ausgang aller drei Wahlen am Sonntag wird zwar Auswirkungen auf die Bundespolitik haben, aber dennoch sind die Ersch\u00fctterungen, welche die Politiker \u00fcberall in Europa regelrecht kirre machen, so stark, dass man versucht ist denken, was sollen diese zwei bl\u00f6den Kreuze daran \u00e4ndern. Es widerstrebt dem Menschen, sich nur als kleines R\u00e4dchen in einer un\u00fcbersichtlichen Maschinerie vorzukommen, aber das ist das Wesen der Demokratie. Der Einzelne findet in ihr nur als Teil einer Summe statt. Die kann aber ohne den Einzelnen nicht entstehen und je mehr sich diesem Prinzip verweigern, desto schw\u00e4cher wird die Idee einer gemeinschaftlichen Entscheidung und kann sich immer weniger dem Ruf nach dem starken Mann oder der starken Frau erwehren.<\/p>\n<p>Die Demokratie ist nicht deshalb die bester aller Regierungsformen, weil sie immer Gutes bewirkt, sondern weil sie Schlimmeres verhindert.<\/p>\n<p>&nbsp;<\/p>\n<p>Und Merkel? Ich bewundere, wie sie in der Fl\u00fcchtlingsfrage eine menschliche Haltung beweist und versucht, eine europ\u00e4ische L\u00f6sung zu finden. Allerdings ist es die Folge ihrer Politik, dass der Solidarit\u00e4tsgedanke innerhalb der EU vollkommen erodiert ist. Sie hat in der Euro-Krise Wind ges\u00e4t und erntet jetzt den Sturm. Dass die T\u00fcrkei als letzte Option \u00fcbrig bleibt, ist eine Bankrotterkl\u00e4rung der EU. Der Karren sitzt so tief im Dreck, dass man unwillk\u00fcrlich denkt: Mit dem f\u00e4hrt so schnell keiner mehr.<\/p>\n<p>&nbsp;<\/p>\n<p>Der Tl\u00f6nfahrer nimmt jetzt den Wahlzettel und macht seine zwei Kreuze. Und wie immer, hofft er das Beste und erwartet das Schlimmste.<\/p>\n<p>&nbsp;<\/p>\n<p>Edit: <a href=\"http:\/\/www.spiegel.de\/politik\/deutschland\/rheinland-pfalz-tv-debatte-mit-afd-als-offizier-koennen-sie-mir-das-glauben-a-1081735.html\">Hier <\/a>der SPON-Artikel \u00fcber die Fernsehdebatte gestern. Am interessantesten sind wohl die neuesten Umfragewerte, die Malu Dreyer jetzt vor Julia Kl\u00f6ckner sehen. Allerdings die FDP auch vor den Gr\u00fcnen. Das wird ein spannender Sonntag.<\/p>\n<p>&nbsp;<\/p>\n","protected":false},"excerpt":{"rendered":"<p>Der Tl\u00f6nfahrer hat sich entschieden.<\/p>\n","protected":false},"author":27,"featured_media":0,"comment_status":"open","ping_status":"open","sticky":false,"template":"","format":"standard","meta":{"footnotes":""},"categories":[12],"tags":[],"class_list":["post-910","post","type-post","status-publish","format-standard","hentry","category-archiv"],"_links":{"self":[{"href":"https:\/\/tloenfahrer.wababbel.de\/index.php?rest_route=\/wp\/v2\/posts\/910","targetHints":{"allow":["GET"]}}],"collection":[{"href":"https:\/\/tloenfahrer.wababbel.de\/index.php?rest_route=\/wp\/v2\/posts"}],"about":[{"href":"https:\/\/tloenfahrer.wababbel.de\/index.php?rest_route=\/wp\/v2\/types\/post"}],"author":[{"embeddable":true,"href":"https:\/\/tloenfahrer.wababbel.de\/index.php?rest_route=\/wp\/v2\/users\/27"}],"replies":[{"embeddable":true,"href":"https:\/\/tloenfahrer.wababbel.de\/index.php?rest_route=%2Fwp%2Fv2%2Fcomments&post=910"}],"version-history":[{"count":7,"href":"https:\/\/tloenfahrer.wababbel.de\/index.php?rest_route=\/wp\/v2\/posts\/910\/revisions"}],"predecessor-version":[{"id":919,"href":"https:\/\/tloenfahrer.wababbel.de\/index.php?rest_route=\/wp\/v2\/posts\/910\/revisions\/919"}],"wp:attachment":[{"href":"https:\/\/tloenfahrer.wababbel.de\/index.php?rest_route=%2Fwp%2Fv2%2Fmedia&parent=910"}],"wp:term":[{"taxonomy":"category","embeddable":true,"href":"https:\/\/tloenfahrer.wababbel.de\/index.php?rest_route=%2Fwp%2Fv2%2Fcategories&post=910"},{"taxonomy":"post_tag","embeddable":true,"href":"https:\/\/tloenfahrer.wababbel.de\/index.php?rest_route=%2Fwp%2Fv2%2Ftags&post=910"}],"curies":[{"name":"wp","href":"https:\/\/api.w.org\/{rel}","templated":true}]}}