{"id":998,"date":"2016-11-07T21:56:41","date_gmt":"2016-11-07T19:56:41","guid":{"rendered":"http:\/\/www.wababbel.de\/tloenfahrer\/?p=998"},"modified":"2021-04-11T08:27:14","modified_gmt":"2021-04-11T08:27:14","slug":"cuenca","status":"publish","type":"post","link":"https:\/\/tloenfahrer.wababbel.de\/?p=998","title":{"rendered":"Cuenca"},"content":{"rendered":"<p><!--more--><\/p>\n<p>Wie du liegst<\/p>\n<p>an gr\u00fcnen Flanken<\/p>\n<p>inwendig gl\u00fchender Berge<\/p>\n<p>erinnere ich dich:<\/p>\n<p>&nbsp;<\/p>\n<p>Schwarze Frauen am Fluss<\/p>\n<p>\u00fcber dessen steinigem Ufer<\/p>\n<p>H\u00e4user mit ihrem Einsturz drohen<\/p>\n<p>alt und stolz<\/p>\n<p>errichtet in einer Sprache die<\/p>\n<p>schon lang keiner mehr spricht.<\/p>\n<p>&nbsp;<\/p>\n<p>Das Wei\u00df deiner Gassen<\/p>\n<p>ist das Wei\u00df des Nebels<\/p>\n<p>den die Berge ausatmen<\/p>\n<p>wenn die Sonne<\/p>\n<p>an Zwergkiefern h\u00e4ngt<\/p>\n<p>oder sich versteckt<\/p>\n<p>hinter tausendf\u00fc\u00dfigen H\u00fcgeln.<\/p>\n<p>&nbsp;<\/p>\n<p>Die blauen Kuppeln der Kathedrale<\/p>\n<p>katzbuckeln nach Norden und Osten<\/p>\n<p>Alabaster und Marmor<\/p>\n<p>v\u00f6llig verzettelt im Gestern<\/p>\n<p>darunter kn\u00f6chrige Schatten<\/p>\n<p>blind f\u00fcr die W\u00e4nde<\/p>\n<p>an denen man bunt das Heute feiert.<\/p>\n<p>&nbsp;<\/p>\n<p>Von einer fernen Schwester singst du<\/p>\n<p>in fr\u00f6hlichen Liedern<\/p>\n<p>aber es sind deine wahllosen V\u00e4ter<\/p>\n<p>die dir jetzt die Stra\u00dfen pflastern<\/p>\n<p>die deine Mauern tapezieren<\/p>\n<p>mit alten und neuen L\u00fcgen.<\/p>\n<p>&nbsp;<\/p>\n<p>Trotzdem kannst du l\u00e4cheln<\/p>\n<p>ohne Zorn in den Augen<\/p>\n<p>ohne mit dem Gelb deiner Z\u00e4hne<\/p>\n<p>um Almosen zu betteln<\/p>\n<p>beim Tanz<\/p>\n<p>und auf dem Markt<\/p>\n<p>wo die M\u00e4dchen sch\u00f6n sind<\/p>\n<p>wie Lagunen und Vulkane.<\/p>\n<p>&nbsp;<\/p>\n<p>In meiner Erinnerung bist du eine helle Feder<\/p>\n<p>im schwarzen Fl\u00fcgel einer traurigen Geschichte<\/p>\n<p>bist der Traum der Caballeros<\/p>\n<p>die letzte Dame der Anden.<\/p>\n","protected":false},"excerpt":{"rendered":"","protected":false},"author":27,"featured_media":0,"comment_status":"closed","ping_status":"open","sticky":false,"template":"","format":"standard","meta":{"footnotes":""},"categories":[12],"tags":[],"class_list":["post-998","post","type-post","status-publish","format-standard","hentry","category-archiv"],"_links":{"self":[{"href":"https:\/\/tloenfahrer.wababbel.de\/index.php?rest_route=\/wp\/v2\/posts\/998","targetHints":{"allow":["GET"]}}],"collection":[{"href":"https:\/\/tloenfahrer.wababbel.de\/index.php?rest_route=\/wp\/v2\/posts"}],"about":[{"href":"https:\/\/tloenfahrer.wababbel.de\/index.php?rest_route=\/wp\/v2\/types\/post"}],"author":[{"embeddable":true,"href":"https:\/\/tloenfahrer.wababbel.de\/index.php?rest_route=\/wp\/v2\/users\/27"}],"replies":[{"embeddable":true,"href":"https:\/\/tloenfahrer.wababbel.de\/index.php?rest_route=%2Fwp%2Fv2%2Fcomments&post=998"}],"version-history":[{"count":1,"href":"https:\/\/tloenfahrer.wababbel.de\/index.php?rest_route=\/wp\/v2\/posts\/998\/revisions"}],"predecessor-version":[{"id":999,"href":"https:\/\/tloenfahrer.wababbel.de\/index.php?rest_route=\/wp\/v2\/posts\/998\/revisions\/999"}],"wp:attachment":[{"href":"https:\/\/tloenfahrer.wababbel.de\/index.php?rest_route=%2Fwp%2Fv2%2Fmedia&parent=998"}],"wp:term":[{"taxonomy":"category","embeddable":true,"href":"https:\/\/tloenfahrer.wababbel.de\/index.php?rest_route=%2Fwp%2Fv2%2Fcategories&post=998"},{"taxonomy":"post_tag","embeddable":true,"href":"https:\/\/tloenfahrer.wababbel.de\/index.php?rest_route=%2Fwp%2Fv2%2Ftags&post=998"}],"curies":[{"name":"wp","href":"https:\/\/api.w.org\/{rel}","templated":true}]}}